{"headers": {"id": "ID", "periodo": "Per\u00edodo", "titulo": "Mat\u00e9ria", "autor": "Autor", "ementa": "Ementa", "situacao": "Situa\u00e7\u00e3o"}, "results": [{"id": 7960, "periodo": "expediente", "titulo": "INDICA\u00c7\u00c3O n\u00ba 694 de 2024", "autor": "Clebinho Jogador", "ementa": "O Vereador Cleber dos Santos Pereira Dias \u2013 Clebinho Jogador, nos termos regimentais vigentes, INDICA ao Secret\u00e1rio Municipal de Infraestrutura e Servi\u00e7os Urbanos, que inclua no cronograma de manuten\u00e7\u00e3o urbana, o desassoreamento do rio na Rua Virg\u00ednia Peron, no bairro Vila Cristina.", "situacao": "N\u00e3o informada"}, {"id": 7961, "periodo": "expediente", "titulo": "INDICA\u00c7\u00c3O n\u00ba 695 de 2024", "autor": "Maicon Siqueira", "ementa": "INDICA ao Secret\u00e1rio Municipal de Infraestrutura e Servi\u00e7os Urbanos, que inclua no cronograma de servi\u00e7os de motonivelamento e cascalhamento, a Estrada Municipal Doutor Casimiro, no bairro do Penteado.", "situacao": "N\u00e3o informada"}, {"id": 7962, "periodo": "expediente", "titulo": "INDICA\u00c7\u00c3O n\u00ba 696 de 2024", "autor": "Maicon Siqueira", "ementa": "INDICA ao Prefeito do Munic\u00edpio, que designe ao departamento respons\u00e1vel que verifique falhas na ilumina\u00e7\u00e3o de um poste no endere\u00e7o referido abaixo:\r\n\r\n\r\nRua Leonardo Scacciotti Neto, em frente ao n\u00famero 38, no bairro Fl\u00f3rida (antigo Ch. L\u00eddia Maria).", "situacao": "N\u00e3o informada"}, {"id": 7963, "periodo": "expediente", "titulo": "INDICA\u00c7\u00c3O n\u00ba 697 de 2024", "autor": "Maicon Siqueira", "ementa": "INDICA ao Secret\u00e1rio Municipal de Infraestrutura e Servi\u00e7os Urbanos, que inclua no cronograma de servi\u00e7os a retirada do lixo acumulado na cal\u00e7ada da Rua Maria das Dores Delfim, em frente ao n\u00famero 544, no centro, pr\u00f3ximo aos Correios, tendo em vista que est\u00e1 atrapalhando a passagem de pedestres.", "situacao": "N\u00e3o informada"}, {"id": 7964, "periodo": "expediente", "titulo": "INDICA\u00c7\u00c3O n\u00ba 698 de 2024", "autor": "Maicon Siqueira", "ementa": "INDICA ao Secret\u00e1rio Municipal de Seguran\u00e7a e Transporte \u2013 SEMUTRANS que estude a viabilidade da implanta\u00e7\u00e3o de sinaliza\u00e7\u00e3o vertical e horizontal (Devagar Escola) na Rua Doutor Andr\u00e9 Stucchi, no bairro do Filipinho, em frente a Escola Estadual Jo\u00e3o Ortiz.", "situacao": "N\u00e3o informada"}, {"id": 7965, "periodo": "expediente", "titulo": "INDICA\u00c7\u00c3O n\u00ba 699 de 2024", "autor": "Edmilson Santos", "ementa": "INDICA ao Prefeito do Munic\u00edpio, que inclua no cronograma de servi\u00e7os a implanta\u00e7\u00e3o de redutor de velocidade (lombada) no endere\u00e7o referido abaixo:\r\n\r\n- Rua Olivia de Pontes Marques (altura do n\u00famero 17) no bairro Parque Recreio.", "situacao": "N\u00e3o informada"}, {"id": 7966, "periodo": "expediente", "titulo": "INDICA\u00c7\u00c3O n\u00ba 700 de 2024", "autor": "Maicon Siqueira", "ementa": "INDICA ao Secret\u00e1rio Municipal de Infraestrutura, que inclua no cronograma de servi\u00e7os de tapa-buracos a Rua Jos\u00e9 Felix da Silva, pr\u00f3ximo ao n\u00famero 250, localizada no bairro do Fl\u00f3rida.", "situacao": "N\u00e3o informada"}, {"id": 7967, "periodo": "expediente", "titulo": "INDICA\u00c7\u00c3O n\u00ba 701 de 2024", "autor": "Maicon Siqueira", "ementa": "INDICA ao Secret\u00e1rio Municipal de Infraestrutura, que inclua no cronograma de servi\u00e7os de recapeamento asf\u00e1ltico no endere\u00e7o referido abaixo:\r\n\r\nRua S\u00e3o Wladimir, no bairro Fl\u00f3rida (A rua da Escola Municipal Benedito Ant\u00f4nio Cezarino)", "situacao": "N\u00e3o informada"}, {"id": 7968, "periodo": "expediente", "titulo": "INDICA\u00c7\u00c3O n\u00ba 702 de 2024", "autor": "Maicon Siqueira", "ementa": "INDICA ao Prefeito do Munic\u00edpio, que designe ao departamento respons\u00e1vel que verifique a possibilidade de substitui\u00e7\u00e3o das l\u00e2mpadas atuais por l\u00e2mpadas de LED na Alameda dos Bandeirantes, tendo em vista o grande n\u00famero de pessoas que fazem o trajeto do bairro do Fl\u00f3rida at\u00e9 o Centro e vice e versa a p\u00e9, ap\u00f3s \u00e0s 18 horas. A troca das l\u00e2mpadas aumenta a sensa\u00e7\u00e3o de seguran\u00e7a.", "situacao": "N\u00e3o informada"}, {"id": 7969, "periodo": "expediente", "titulo": "INDICA\u00c7\u00c3O n\u00ba 703 de 2024", "autor": "Maicon Siqueira", "ementa": "INDICA ao Prefeito do Munic\u00edpio, que designe ao departamento respons\u00e1vel que inclua no cronograma de servi\u00e7os de pavimenta\u00e7\u00e3o asf\u00e1ltica, as ruas abaixo, todas no bairro do Fl\u00f3rida (antiga Ch. L\u00eddia Maria):\r\n\r\n\r\nRua Leonardo Sccaciotti Neto;\r\nRua Humberto Rodella; \r\nRua Luiz \u00c1vila Macedo.", "situacao": "N\u00e3o informada"}, {"id": 7970, "periodo": "expediente", "titulo": "REQUERIMENTO n\u00ba 238 de 2024", "autor": "Prof Colle", "ementa": "VOTO DE LOUVOR E CONGRATULA\u00c7\u00c3O para Sal Fino Restaurante, pela excel\u00eancia, dedica\u00e7\u00e3o e contribui\u00e7\u00e3o para o desenvolvimento econ\u00f4mico e social do munic\u00edpio de Embu-Gua\u00e7u.", "situacao": "N\u00e3o informada"}, {"id": 7971, "periodo": "expediente", "titulo": "REQUERIMENTO n\u00ba 239 de 2024", "autor": "Prof Colle", "ementa": "VOTO DE LOUVOR E CONGRATULA\u00c7\u00c3O para Sra. J\u00e9ssica Duarte de Lima, pelos excelentes servi\u00e7os prestados na Divis\u00e3o de Tributos Mobili\u00e1rios (Lan\u00e7adoria) da Prefeitura de Embu-Gua\u00e7u.", "situacao": "N\u00e3o informada"}, {"id": 7972, "periodo": "expediente", "titulo": "REQUERIMENTO n\u00ba 240 de 2024", "autor": "Prof Colle", "ementa": "VOTO DE LOUVOR E CONGRATULA\u00c7\u00c3O para o Sr. Daniel Marques Sales, pelos excelentes servi\u00e7os prestados no munic\u00edpio de Embu-Gua\u00e7u.", "situacao": "N\u00e3o informada"}, {"id": 7973, "periodo": "expediente", "titulo": "REQUERIMENTO n\u00ba 241 de 2024", "autor": "Engenheiro Barros", "ementa": "VOTO DE LOUVOR E CONGRATULA\u00c7\u00c3O para Maria da Concei\u00e7\u00e3o Andr\u00e9, profissional do Posto de Atendimento ao Trabalhador, pelos excelentes servi\u00e7os prestados no atendimento \u00e0 popula\u00e7\u00e3o de Embu-Gua\u00e7u.", "situacao": "N\u00e3o informada"}, {"id": 7976, "periodo": "expediente", "titulo": "EMENDA E SUBEMENDA n\u00ba 13 de 2024", "autor": "Maicon Siqueira", "ementa": "Ao Projeto de Resolu\u00e7\u00e3o n\u00ba 006/2024 que disp\u00f5e sobre a cria\u00e7\u00e3o do Bras\u00e3o da C\u00e2mara Municipal de Embu-Gua\u00e7u, e do manual de documentos oficiais.", "situacao": "N\u00e3o informada"}, {"id": 7974, "periodo": "expediente", "titulo": "PROJETO DE LEI n\u00ba 82 de 2024", "autor": "Maicon Siqueira", "ementa": "Disp\u00f5e sobre a obrigatoriedade de disponibiliza\u00e7\u00e3o, de cadeiras de rodas, por parte das ag\u00eancias banc\u00e1rias do munic\u00edpio, para serem utilizadas por clientes portadores de defici\u00eancia f\u00edsica ou necessidades transit\u00f3rias e d\u00e1 outras provid\u00eancias.", "situacao": "N\u00e3o informada"}, {"id": 7975, "periodo": "expediente", "titulo": "PROJETO DE LEI n\u00ba 83 de 2024", "autor": "Edmilson Santos", "ementa": "D\u00e1 a denomina\u00e7\u00e3o de \u201cPra\u00e7a Valdomiro Vieira De Moraes\u201d.", "situacao": "N\u00e3o informada"}]}