{"headers": {"id": "ID", "periodo": "Per\u00edodo", "titulo": "Mat\u00e9ria", "autor": "Autor", "ementa": "Ementa", "situacao": "Situa\u00e7\u00e3o"}, "results": [{"id": 6497, "periodo": "expediente", "titulo": "INDICA\u00c7\u00c3O n\u00ba 848 de 2023", "autor": "Edmilson Santos", "ementa": "INDICA ao Prefeito do Munic\u00edpio que realize em car\u00e1ter de urg\u00eancia a TROCA de um POSTE DE LUZ localizado na Rua Paulino Vieira Silva, no bairro Colibris, altura do n\u00famero 30.", "situacao": "N\u00e3o informada"}, {"id": 6498, "periodo": "expediente", "titulo": "INDICA\u00c7\u00c3O n\u00ba 849 de 2023", "autor": "Edmilson Santos", "ementa": "INDICA ao Prefeito do Munic\u00edpio que mobilize o \u00f3rg\u00e3o competente (SABESP) em car\u00e1ter de urg\u00eancia para a manuten\u00e7\u00e3o de rede de \u00e1gua no bairro Flamingo.", "situacao": "N\u00e3o informada"}, {"id": 6499, "periodo": "expediente", "titulo": "INDICA\u00c7\u00c3O n\u00ba 850 de 2023", "autor": "Jo\u00e3ozinho do Cavalo", "ementa": "INDICA ao Prefeito do Munic\u00edpio, que estude a possibilidade de incluir no cronograma de servi\u00e7os a extens\u00e3o de rede de ilumina\u00e7\u00e3o no endere\u00e7o referido abaixo: \r\n\r\n\u2022\tRua Odete de Moraes Chaves, Bairro Ch\u00e1cara Fl\u00f3rida II.", "situacao": "N\u00e3o informada"}, {"id": 6500, "periodo": "expediente", "titulo": "INDICA\u00c7\u00c3O n\u00ba 851 de 2023", "autor": "Jo\u00e3ozinho do Cavalo", "ementa": "INDICA ao Prefeito do Munic\u00edpio, que estude a possibilidade de incluir no cronograma de servi\u00e7os a manuten\u00e7\u00e3o de rede de ilumina\u00e7\u00e3o no endere\u00e7o referido abaixo: \r\n\r\n\u2022\tRua Caminho C\u00e9lio Jos\u00e9 de Paulo, pr\u00f3ximo \u00e0 Escola, Bairro Ch\u00e1cara Fl\u00f3rida.", "situacao": "N\u00e3o informada"}, {"id": 6502, "periodo": "expediente", "titulo": "INDICA\u00c7\u00c3O n\u00ba 852 de 2023", "autor": "Lucas da Sa\u00fade", "ementa": "INDICA a Secretaria Municipal de Obras, que inclua no cronograma de servi\u00e7os a elabora\u00e7\u00e3o de um projeto de recupera\u00e7\u00e3o de via no endere\u00e7o referido abaixo: Rua Aruan\u00e3 \u2013 Parque Recreio", "situacao": "N\u00e3o informada"}, {"id": 6503, "periodo": "expediente", "titulo": "INDICA\u00c7\u00c3O n\u00ba 853 de 2023", "autor": "Maicon Siqueira", "ementa": "INDICA ao Secret\u00e1rio Municipal de Seguran\u00e7a, Transporte e Mobilidade do Munic\u00edpio - SEMUTRANS, que seja designado viaturas da Guarda Municipal, no sentido de intensificar as rondas ostensivas a fim de garantir a seguran\u00e7a nas imedia\u00e7\u00f5es do bairro do Flamingo, devido a v\u00e1rios relatos dos moradores que est\u00e3o sendo assaltados na regi\u00e3o.", "situacao": "N\u00e3o informada"}, {"id": 6504, "periodo": "expediente", "titulo": "INDICA\u00c7\u00c3O n\u00ba 854 de 2023", "autor": "Maicon Siqueira", "ementa": "INDICA ao Prefeito do Munic\u00edpio, que inclua no cronograma de servi\u00e7os a substitui\u00e7\u00e3o, em car\u00e1ter de urg\u00eancia, do poste que est\u00e1 podre no endere\u00e7o referido abaixo:\r\n\r\nRua Francisco Rainha, pr\u00f3ximo ao n\u00ba 16 \u2013 Bairro Penteado.\r\n\r\nAnexo, foto do poste.", "situacao": "N\u00e3o informada"}, {"id": 6505, "periodo": "expediente", "titulo": "INDICA\u00c7\u00c3O n\u00ba 855 de 2023", "autor": "Maicon Siqueira", "ementa": "INDICA ao Secret\u00e1rio Municipal de Infraestrutura e Servi\u00e7os Urbanos, que inclua no cronograma de servi\u00e7os de motonivelamento e cascalhamento em toda a extens\u00e3o da Estrada Belvedere, no bairro Santa Rita.", "situacao": "N\u00e3o informada"}, {"id": 6506, "periodo": "expediente", "titulo": "INDICA\u00c7\u00c3O n\u00ba 856 de 2023", "autor": "Toninho Valflor", "ementa": "INDICA ao Secret\u00e1rio Municipal de Infraestrutura e Servi\u00e7os Urbanos, que inclua no cronograma de servi\u00e7os de motonivelamento e cascalhamento, no Bairro Vale Florido, nos endere\u00e7os abaixo: \r\n- Rua Ant\u00f4nio de Oliveira Lira\r\n- Rua Principal", "situacao": "N\u00e3o informada"}, {"id": 6507, "periodo": "expediente", "titulo": "INDICA\u00c7\u00c3O n\u00ba 857 de 2023", "autor": "Toninho Valflor", "ementa": "INDICA ao Secret\u00e1rio Municipal de Infraestrutura e Servi\u00e7os Urbanos, que inclua no cronograma de servi\u00e7os de motonivelamento e cascalhamento, no KM 37, na Estrada da Guarita, rua esta da Perlex", "situacao": "N\u00e3o informada"}, {"id": 6508, "periodo": "expediente", "titulo": "INDICA\u00c7\u00c3O n\u00ba 858 de 2023", "autor": "Toninho Valflor", "ementa": "INDICA ao Prefeito do Munic\u00edpio, que solicite a empresa respons\u00e1vel pela coleta de lixo, hoje \u00e9 recolhido 1(uma) vez por semana (de 5\u00aa. feira) em uma lixeira no KM 37, na Estrada da Guarita, rua esta da Perlex, e passe a recolher 2(duas) vezes por semana.", "situacao": "N\u00e3o informada"}, {"id": 6511, "periodo": "expediente", "titulo": "INDICA\u00c7\u00c3O n\u00ba 859 de 2023", "autor": "Cassio Krebs", "ementa": "INDICA ao Secret\u00e1rio Municipal de Infraestrutura e Servi\u00e7os Urbanos que inclua no cronograma de servi\u00e7os o DESASSOREAMENTO (limpeza) do c\u00f3rrego localizado na Rua Ant\u00f4nio Cunha, pr\u00f3ximo a Creche Pequeno Principe, bairro Cip\u00f3- Centro.", "situacao": "N\u00e3o informada"}, {"id": 6501, "periodo": "expediente", "titulo": "REQUERIMENTO n\u00ba 301 de 2023", "autor": "Jo\u00e3ozinho do Cavalo", "ementa": "VOTO DE LOUVOR E CONGRATULA\u00c7\u00c3O ao Luiz Carlos Germano da Costa, t\u00e9cnico em enfermagem e servidor da prefeitura municipal de Embu-Gua\u00e7u, pelo excelente servi\u00e7o prestado \u00e0 municipalidade.\r\n\r\nParab\u00e9ns, Luiz Carlos!", "situacao": "N\u00e3o informada"}, {"id": 6509, "periodo": "expediente", "titulo": "REQUERIMENTO n\u00ba 302 de 2023", "autor": "Maicon Siqueira", "ementa": "VOTO DE LOUVOR E CONGRATULA\u00c7\u00c3O para a Sra. Marcia Pombo, pelos excelentes servi\u00e7os prestados ao Munic\u00edpio de Embu-Gua\u00e7u como Diretora da Escola Municipal Vladmir Costa.", "situacao": "N\u00e3o informada"}, {"id": 6512, "periodo": "expediente", "titulo": "REQUERIMENTO n\u00ba 303 de 2023", "autor": "Clebinho Jogador", "ementa": "REQUEIRO ao Exmo. Presidente da C\u00e2mara Municipal, Vereador Joaquim de Souza Silva \u2013 Joaquim da Aposentadoria, nos termos regimentais vigentes, a inser\u00e7\u00e3o na ata dos trabalhos da presente Sess\u00e3o Ordin\u00e1ria um VOTO DE LOUVOR E CONGRATULA\u00c7\u00c3O aos amigos cabeleireiros, pela excel\u00eancia no atendimento.\r\n\r\nMarco Ant\u00f4nio da Silva Batista Mota\r\nMateus Lacerda de Oliveira\r\nBruno Fran\u00e7a Silva\r\n\r\n\r\nParab\u00e9ns!", "situacao": "N\u00e3o informada"}, {"id": 6510, "periodo": "expediente", "titulo": "PROJETO DE LEI n\u00ba 54 de 2023", "autor": "Edmilson Santos", "ementa": "D\u00e1 a denomina\u00e7\u00e3o de Rua Fernando Bico e Rua \r\nRosa Gatti Bico.", "situacao": "N\u00e3o informada"}]}