{"id":42,"__str__":"EMENDA E SUBEMENDA n\u00ba 9 de 2021 | Proposi\u00e7\u00e3o rejeitada pelo Plen\u00e1rio | 15/06/2021","link_detail_backend":"/materia/tramitacao/42","metadata":{},"timestamp":"2021-06-15T17:30:26.330258-03:00","data_tramitacao":"2021-06-15","data_encaminhamento":"2021-06-15","urgente":false,"turno":"","texto":"","data_fim_prazo":null,"ip":"201.139.216.16","ultima_edicao":"2021-06-15T17:30:01.745008-03:00","status":29,"materia":2570,"unidade_tramitacao_local":6,"unidade_tramitacao_destino":8,"user":3}