{"id":9945,"__str__":"PROJETO DE LEI n\u00ba 148 de 2025","link_detail_backend":"/materia/9945","metadata":{},"numero":148,"ano":2025,"numero_protocolo":1517,"data_apresentacao":"2025-11-26","tipo_apresentacao":"","data_publicacao":null,"numero_origem_externa":"","ano_origem_externa":null,"data_origem_externa":null,"apelido":"","dias_prazo":null,"data_fim_prazo":null,"em_tramitacao":true,"polemica":false,"objeto":"","complementar":false,"ementa":"Institui a implanta\u00e7\u00e3o de Espa\u00e7os de Acessibilidade Sensorial e Comunicacional em pra\u00e7as, parques e \u00f3rg\u00e3os p\u00fablicos no \u00e2mbito do Munic\u00edpio de Embu-Gua\u00e7u, em conformidade com a Lei Federal n\u00ba 15.249/2025, e d\u00e1 outras provid\u00eancias","indexacao":"","observacao":"","resultado":"","texto_original":"http://sapl.embuguacu.sp.leg.br/media/sapl/public/materialegislativa/2025/9945/pl_1482025.pdf","data_ultima_atualizacao":"2025-11-28T15:34:29.611862-03:00","ip":"201.139.216.52","ultima_edicao":"2025-11-28T15:34:29.513469-03:00","tipo":2,"regime_tramitacao":1,"tipo_origem_externa":null,"local_origem_externa":null,"user":41,"anexadas":[],"autores":[70]}