{"id":9668,"__str__":"INDICA\u00c7\u00c3O n\u00ba 803 de 2025","link_detail_backend":"/materia/9668","metadata":{},"numero":803,"ano":2025,"numero_protocolo":1289,"data_apresentacao":"2025-10-07","tipo_apresentacao":"","data_publicacao":null,"numero_origem_externa":"","ano_origem_externa":null,"data_origem_externa":null,"apelido":"","dias_prazo":null,"data_fim_prazo":null,"em_tramitacao":false,"polemica":false,"objeto":"","complementar":false,"ementa":"Ao Comandante da GCM, Sr. Valdenir Andrade Santana - reativa\u00e7\u00e3o da base da guarda municipal no Itarar\u00e9 pr\u00f3ximo ao dep\u00f3sito Girassol.","indexacao":"","observacao":"","resultado":"","texto_original":"http://sapl.embuguacu.sp.leg.br/media/sapl/public/materialegislativa/2025/9668/ind_8032025.pdf","data_ultima_atualizacao":"2025-10-16T14:09:49.030394-03:00","ip":"201.139.216.52","ultima_edicao":"2025-10-10T12:39:29.099567-03:00","tipo":10,"regime_tramitacao":1,"tipo_origem_externa":null,"local_origem_externa":null,"user":41,"anexadas":[],"autores":[37]}