{"id":9117,"__str__":"REQUERIMENTO n\u00ba 142 de 2025","link_detail_backend":"/materia/9117","metadata":{},"numero":142,"ano":2025,"numero_protocolo":null,"data_apresentacao":"2025-05-29","tipo_apresentacao":"O","data_publicacao":null,"numero_origem_externa":"","ano_origem_externa":null,"data_origem_externa":null,"apelido":"","dias_prazo":null,"data_fim_prazo":null,"em_tramitacao":false,"polemica":false,"objeto":"","complementar":false,"ementa":"ao Excelent\u00edssimo Senhor Prefeito Municipal, Sr. Andr\u00e9 George Neres de Farias, para que, por meio do setor competente, preste as seguintes informa\u00e7\u00f5es referentes \u00e0 gest\u00e3o da d\u00edvida p\u00fablica municipal e sua evolu\u00e7\u00e3o","indexacao":"","observacao":"","resultado":"","texto_original":"http://sapl.embuguacu.sp.leg.br/media/sapl/public/materialegislativa/2025/9117/req__1422025.pdf","data_ultima_atualizacao":"2025-06-16T10:56:03.036158-03:00","ip":"201.139.216.52","ultima_edicao":"2025-06-04T14:29:41.848515-03:00","tipo":9,"regime_tramitacao":1,"tipo_origem_externa":null,"local_origem_externa":null,"user":41,"anexadas":[],"autores":[65]}