{"id":8827,"__str__":"PROJETO DE LEI n\u00ba 32 de 2025","link_detail_backend":"/materia/8827","metadata":{},"numero":32,"ano":2025,"numero_protocolo":null,"data_apresentacao":"2025-04-10","tipo_apresentacao":"O","data_publicacao":null,"numero_origem_externa":"","ano_origem_externa":null,"data_origem_externa":null,"apelido":"","dias_prazo":null,"data_fim_prazo":null,"em_tramitacao":false,"polemica":false,"objeto":"","complementar":false,"ementa":"Institui e inclui no Calend\u00e1rio Oficial de Eventos do Munic\u00edpio de Embu-Gua\u00e7u a \u201cMarcha Prof\u00e9tica\u201d.","indexacao":"","observacao":"","resultado":"","texto_original":"http://sapl.embuguacu.sp.leg.br/media/sapl/public/materialegislativa/2025/8827/pl_0322025.pdf","data_ultima_atualizacao":"2025-06-30T14:43:30.503162-03:00","ip":"201.139.216.52","ultima_edicao":"2025-05-08T15:42:16.515167-03:00","tipo":2,"regime_tramitacao":1,"tipo_origem_externa":null,"local_origem_externa":null,"user":41,"anexadas":[],"autores":[7]}