{"id":8765,"__str__":"REQUERIMENTO n\u00ba 68 de 2025","link_detail_backend":"/materia/8765","metadata":{},"numero":68,"ano":2025,"numero_protocolo":null,"data_apresentacao":"2025-03-24","tipo_apresentacao":"","data_publicacao":null,"numero_origem_externa":"","ano_origem_externa":null,"data_origem_externa":null,"apelido":"","dias_prazo":null,"data_fim_prazo":null,"em_tramitacao":false,"polemica":false,"objeto":"","complementar":false,"ementa":"Tramita\u00e7\u00e3o em REGIME DE URG\u00caNCIA ESPECIAL ao Projeto de Lei n\u00ba 021/2025 que Institui o Programa de Ado\u00e7\u00e3o de Escolas no Munic\u00edpio de Embu-Gua\u00e7u e d\u00e1 outras provid\u00eancias, de autoria do Vereador Isaias Coelho, para que possa ser discutido e votado na presente Sess\u00e3o Ordin\u00e1ria.","indexacao":"","observacao":"","resultado":"","texto_original":"http://sapl.embuguacu.sp.leg.br/media/sapl/public/materialegislativa/2025/8765/req_0682025.pdf","data_ultima_atualizacao":"2026-01-26T09:05:04.970312-03:00","ip":"201.139.216.52","ultima_edicao":"2026-01-26T09:05:04.830207-03:00","tipo":9,"regime_tramitacao":3,"tipo_origem_externa":null,"local_origem_externa":null,"user":41,"anexadas":[],"autores":[39]}