{"id":8385,"__str__":"MO\u00c7\u00c3O n\u00ba 4 de 2025","link_detail_backend":"/materia/8385","metadata":{},"numero":4,"ano":2025,"numero_protocolo":null,"data_apresentacao":"2025-02-07","tipo_apresentacao":"","data_publicacao":null,"numero_origem_externa":"","ano_origem_externa":null,"data_origem_externa":null,"apelido":"","dias_prazo":null,"data_fim_prazo":null,"em_tramitacao":false,"polemica":false,"objeto":"","complementar":false,"ementa":"Mo\u00e7\u00e3o de Apelo ao Prefeito Municipal para constru\u00e7\u00e3o de banheiros p\u00fablicos na Pra\u00e7a Ivan Braga de Moraes e disponibiliza\u00e7\u00e3o de banheiros qu\u00edmicos na Pra\u00e7a In\u00e1cio Pires de Moraes.","indexacao":"","observacao":"","resultado":"","texto_original":"http://sapl.embuguacu.sp.leg.br/media/sapl/public/materialegislativa/2025/8385/mc_0042025.pdf","data_ultima_atualizacao":"2025-02-13T10:08:24.032642-03:00","ip":"201.139.216.52","ultima_edicao":"2025-02-12T15:23:27.303959-03:00","tipo":8,"regime_tramitacao":1,"tipo_origem_externa":null,"local_origem_externa":null,"user":41,"anexadas":[],"autores":[9]}