{"id":7968,"__str__":"INDICA\u00c7\u00c3O n\u00ba 702 de 2024","link_detail_backend":"/materia/7968","metadata":{},"numero":702,"ano":2024,"numero_protocolo":1119,"data_apresentacao":"2024-08-29","tipo_apresentacao":"","data_publicacao":null,"numero_origem_externa":"","ano_origem_externa":null,"data_origem_externa":null,"apelido":"","dias_prazo":null,"data_fim_prazo":null,"em_tramitacao":true,"polemica":false,"objeto":"","complementar":false,"ementa":"INDICA ao Prefeito do Munic\u00edpio, que designe ao departamento respons\u00e1vel que verifique a possibilidade de substitui\u00e7\u00e3o das l\u00e2mpadas atuais por l\u00e2mpadas de LED na Alameda dos Bandeirantes, tendo em vista o grande n\u00famero de pessoas que fazem o trajeto do bairro do Fl\u00f3rida at\u00e9 o Centro e vice e versa a p\u00e9, ap\u00f3s \u00e0s 18 horas. A troca das l\u00e2mpadas aumenta a sensa\u00e7\u00e3o de seguran\u00e7a.","indexacao":"","observacao":"","resultado":"","texto_original":"http://sapl.embuguacu.sp.leg.br/media/sapl/public/materialegislativa/2024/7968/ind_7022024.pdf","data_ultima_atualizacao":"2024-09-05T14:23:08.037818-03:00","ip":"201.139.216.52","ultima_edicao":"2024-09-05T14:23:07.895950-03:00","tipo":10,"regime_tramitacao":1,"tipo_origem_externa":null,"local_origem_externa":null,"user":41,"anexadas":[],"autores":[42]}