{"id":7945,"__str__":"INDICA\u00c7\u00c3O n\u00ba 690 de 2024","link_detail_backend":"/materia/7945","metadata":{},"numero":690,"ano":2024,"numero_protocolo":1091,"data_apresentacao":"2024-08-15","tipo_apresentacao":"","data_publicacao":null,"numero_origem_externa":"","ano_origem_externa":null,"data_origem_externa":null,"apelido":"","dias_prazo":null,"data_fim_prazo":null,"em_tramitacao":true,"polemica":false,"objeto":"","complementar":false,"ementa":"INDICA ao Prefeito do Munic\u00edpio e \u00e0 Secret\u00e1ria de Cultura, que viabilize estudos no sentido de criar e instalar um letreiro tur\u00edstico com a inscri\u00e7\u00e3o \"#EMBU-GUA\u00c7U\" ou \"EU AMO EMBU-GUA\u00c7U\". O letreiro poder\u00e1 ser colocado em local a ser definido, ou como sugest\u00e3o na Pra\u00e7a Ivan Braga de Oliveira (vide modelo anexo), no Centro de Embu-Gua\u00e7u. \r\n\r\nJUSTIFICATIVA: A presente indica\u00e7\u00e3o tem o objetivo de criar mais um atrativo tur\u00edstico e cultural, bem como, fomentar nas redes sociais de forma positiva a nossa cidade, sendo que o letreiro poder\u00e1 ser cen\u00e1rio para registros fotogr\u00e1ficos dos mun\u00edcipes e turistas, tendo em vista que a inscri\u00e7\u00e3o no arco de entrada da referida pra\u00e7a fica sempre escondida quando s\u00e3o penduradas faixas de publicidade e de eventos sobre ela.","indexacao":"","observacao":"","resultado":"","texto_original":"http://sapl.embuguacu.sp.leg.br/media/sapl/public/materialegislativa/2024/7945/ind_6902024.pdf","data_ultima_atualizacao":"2024-08-22T14:00:23.342153-03:00","ip":"201.139.216.49","ultima_edicao":"2024-08-22T14:00:23.194606-03:00","tipo":10,"regime_tramitacao":1,"tipo_origem_externa":null,"local_origem_externa":null,"user":41,"anexadas":[],"autores":[42]}