{"id":7058,"__str__":"REQUERIMENTO n\u00ba 31 de 2024","link_detail_backend":"/materia/7058","metadata":{},"numero":31,"ano":2024,"numero_protocolo":246,"data_apresentacao":"2024-02-29","tipo_apresentacao":"","data_publicacao":null,"numero_origem_externa":"","ano_origem_externa":null,"data_origem_externa":null,"apelido":"","dias_prazo":null,"data_fim_prazo":null,"em_tramitacao":true,"polemica":false,"objeto":"","complementar":false,"ementa":"REQUEIRO ao Exmo. Presidente da C\u00e2mara Municipal, Vereador Joaquim de Souza Silva \u2013 Joaquim da Aposentadoria, nos termos regimentais vigentes, a inser\u00e7\u00e3o na ata dos trabalhos da presente Sess\u00e3o Ordin\u00e1ria VOTO DE LOUVOR E CONGRATULA\u00c7\u00c3O ao Cabeleireiro Luan Neto Oliveira, por seu excelente trabalho.","indexacao":"","observacao":"","resultado":"","texto_original":"http://sapl.embuguacu.sp.leg.br/media/sapl/public/materialegislativa/2024/7058/req_0312024..pdf","data_ultima_atualizacao":"2025-09-02T12:32:47.826592-03:00","ip":"201.139.216.52","ultima_edicao":"2025-09-02T12:32:47.678431-03:00","tipo":9,"regime_tramitacao":1,"tipo_origem_externa":null,"local_origem_externa":null,"user":41,"anexadas":[],"autores":[45]}