{"id":6753,"__str__":"INDICA\u00c7\u00c3O n\u00ba 928 de 2023","link_detail_backend":"/materia/6753","metadata":{},"numero":928,"ano":2023,"numero_protocolo":1605,"data_apresentacao":"2023-12-07","tipo_apresentacao":"","data_publicacao":null,"numero_origem_externa":"","ano_origem_externa":null,"data_origem_externa":null,"apelido":"","dias_prazo":null,"data_fim_prazo":null,"em_tramitacao":true,"polemica":false,"objeto":"","complementar":false,"ementa":"INDICA ao Prefeito do Munic\u00edpio que inclua no cronograma de servi\u00e7o MANUTEN\u00c7\u00c3O de ILUMINA\u00c7\u00c3O P\u00daBLICA nos endere\u00e7os referidos do bairro Jardim dos Pacas:\r\n\r\n-  Estrada Jo\u00e3o Ant\u00f4nio Rodrigues\r\n- Rua Belchior Lopes","indexacao":"","observacao":"","resultado":"","texto_original":"http://sapl.embuguacu.sp.leg.br/media/sapl/public/materialegislativa/2023/6753/ind_9282023.pdf","data_ultima_atualizacao":"2023-12-18T14:20:06.563790-03:00","ip":"45.172.181.5","ultima_edicao":"2023-12-18T14:20:06.402021-03:00","tipo":10,"regime_tramitacao":1,"tipo_origem_externa":null,"local_origem_externa":null,"user":41,"anexadas":[],"autores":[36]}