{"id":6353,"__str__":"INDICA\u00c7\u00c3O n\u00ba 760 de 2023","link_detail_backend":"/materia/6353","metadata":{},"numero":760,"ano":2023,"numero_protocolo":1233,"data_apresentacao":"2023-09-14","tipo_apresentacao":"","data_publicacao":null,"numero_origem_externa":"","ano_origem_externa":null,"data_origem_externa":null,"apelido":"","dias_prazo":null,"data_fim_prazo":null,"em_tramitacao":true,"polemica":false,"objeto":"","complementar":false,"ementa":"INDICA ao Prefeito do Munic\u00edpio que determine ao setor competente da municipalidade a inclus\u00e3o no cronograma de LIMPEZA e RO\u00c7ADA a viela sem denomina\u00e7\u00e3o, que liga a Rua Pedro Gon\u00e7alves de Moura com a Rua Jo\u00e3o Verissimo da Silva, no bairro Filipinho.","indexacao":"","observacao":"","resultado":"","texto_original":"http://sapl.embuguacu.sp.leg.br/media/sapl/public/materialegislativa/2023/6353/ind_7602023.pdf","data_ultima_atualizacao":"2023-09-14T15:05:47.253462-03:00","ip":"45.172.181.96","ultima_edicao":"2023-09-14T15:05:47.085056-03:00","tipo":10,"regime_tramitacao":1,"tipo_origem_externa":null,"local_origem_externa":null,"user":41,"anexadas":[],"autores":[42]}