{"id":6167,"__str__":"REQUERIMENTO n\u00ba 193 de 2023","link_detail_backend":"/materia/6167","metadata":{},"numero":193,"ano":2023,"numero_protocolo":1031,"data_apresentacao":"2023-07-21","tipo_apresentacao":"","data_publicacao":null,"numero_origem_externa":"","ano_origem_externa":null,"data_origem_externa":null,"apelido":"","dias_prazo":null,"data_fim_prazo":null,"em_tramitacao":true,"polemica":false,"objeto":"","complementar":false,"ementa":"REQUEIRO ao Exmo. Presidente da C\u00e2mara Municipal, Vereador Joaquim de Souza Silva \u2013 Joaquim da Aposentadoria, nos termos regimentais vigentes, a inser\u00e7\u00e3o na ata dos trabalhos da presente Sess\u00e3o Ordin\u00e1ria, VOTO DE LOUVOR E CONGRATULA\u00c7\u00c3O para os servidores da Defesa Civil municipal, abaixo citados, pelos excelentes servi\u00e7os prestados em nossa cidade.\r\n\r\nMaurici Cl\u00e9ber Messias \u2013 Coordenador de Defesa Civil \r\nAndr\u00e9 Rodrigues \u2013 Agente \r\nBruno Quadros \u2013 Agente \r\nGiovany C. Vieira \u2013 Agente  \r\nVagner de Jesus Vieira \u2013 Agente\r\n \r\n\r\nParab\u00e9ns, equipe!","indexacao":"","observacao":"","resultado":"","texto_original":"http://sapl.embuguacu.sp.leg.br/media/sapl/public/materialegislativa/2023/6167/req_1932023.pdf","data_ultima_atualizacao":"2023-07-26T12:18:06.063670-03:00","ip":"45.172.181.48","ultima_edicao":"2023-07-26T12:18:05.903628-03:00","tipo":9,"regime_tramitacao":1,"tipo_origem_externa":null,"local_origem_externa":null,"user":41,"anexadas":[],"autores":[45]}