{"id":6126,"__str__":"PROJETO DE LEI DO EXECUTIVO n\u00ba 16 de 2023","link_detail_backend":"/materia/6126","metadata":{"signs":{"texto_original":{"admin":[],"autores":[["Jose Antonio Pereira",["2023-07-04T12:03:14-03:00","ICP-Brasil"]]]}}},"numero":16,"ano":2023,"numero_protocolo":null,"data_apresentacao":"2023-07-13","tipo_apresentacao":"O","data_publicacao":null,"numero_origem_externa":"","ano_origem_externa":null,"data_origem_externa":null,"apelido":"","dias_prazo":null,"data_fim_prazo":null,"em_tramitacao":false,"polemica":false,"objeto":"","complementar":false,"ementa":"Disp\u00f5e sobre a denomina\u00e7\u00e3o de Rua Gino Pares Paulinetti, a via conhecida por este nome, e o seu prolongamento iniciado ap\u00f3s a Rua Jos\u00e9 Alves de Oliveira, situadas nas Ch\u00e1caras Libardi Schmidt","indexacao":"","observacao":"","resultado":"","texto_original":"http://sapl.embuguacu.sp.leg.br/media/sapl/public/materialegislativa/2023/6126/2._pl_0162023_-_exec_-_denominacao_de_rua.pdf","data_ultima_atualizacao":"2023-08-16T09:06:54.357685-03:00","ip":"45.172.181.33","ultima_edicao":"2023-07-10T13:47:18.538409-03:00","tipo":13,"regime_tramitacao":1,"tipo_origem_externa":null,"local_origem_externa":null,"user":2,"anexadas":[6127],"autores":[55]}