{"id":6033,"__str__":"MO\u00c7\u00c3O n\u00ba 28 de 2023","link_detail_backend":"/materia/6033","metadata":{},"numero":28,"ano":2023,"numero_protocolo":null,"data_apresentacao":"2023-06-07","tipo_apresentacao":"","data_publicacao":null,"numero_origem_externa":"","ano_origem_externa":null,"data_origem_externa":null,"apelido":"","dias_prazo":null,"data_fim_prazo":null,"em_tramitacao":false,"polemica":false,"objeto":"","complementar":false,"ementa":"Mo\u00e7\u00e3o de Apelo, ao Exmo. Sr. Jos\u00e9 Ant\u00f4nio Pereira, para an\u00e1lise e viabilidade de implanta\u00e7\u00e3o de diretrizes para habita\u00e7\u00e3o de interesse social, no munic\u00edpio de Embu-Gua\u00e7u.","indexacao":"","observacao":"","resultado":"","texto_original":"http://sapl.embuguacu.sp.leg.br/media/sapl/public/materialegislativa/2023/6033/mc_0282023.pdf","data_ultima_atualizacao":"2023-06-14T16:35:04.097371-03:00","ip":"45.172.181.44","ultima_edicao":"2023-06-14T16:35:03.906827-03:00","tipo":8,"regime_tramitacao":1,"tipo_origem_externa":null,"local_origem_externa":null,"user":40,"anexadas":[],"autores":[]}