{"id":5845,"__str__":"INDICA\u00c7\u00c3O n\u00ba 494 de 2023","link_detail_backend":"/materia/5845","metadata":{},"numero":494,"ano":2023,"numero_protocolo":692,"data_apresentacao":"2023-05-04","tipo_apresentacao":"","data_publicacao":null,"numero_origem_externa":"","ano_origem_externa":null,"data_origem_externa":null,"apelido":"","dias_prazo":null,"data_fim_prazo":null,"em_tramitacao":true,"polemica":false,"objeto":"","complementar":false,"ementa":"INDICA ao Secret\u00e1rio Municipal de Infraestrutura e Servi\u00e7os Urbanos, que inclua no cronograma de servi\u00e7os de pintura de faixa de seguran\u00e7a/pedestres, os endere\u00e7os abaixo referidos:\r\n\r\nRua Afonso Pena, em frente \u00e0 EMEI Lourdes Rasquinho Roschel, no bairro Vila Schunck;\r\nRua Luza Augusto Corr\u00eaa, em frente \u00e0 EE Luiz Schunck, no bairro Vila Schunck;\r\nRua Jos\u00e9 Caetano de Luna, no bairro Cipozinho;\r\nViela S\u00e3o Francisco, no bairro Granjinha.","indexacao":"","observacao":"","resultado":"","texto_original":"http://sapl.embuguacu.sp.leg.br/media/sapl/public/materialegislativa/2023/5845/ind_4942023.pdf","data_ultima_atualizacao":"2023-05-08T12:03:54.588928-03:00","ip":"45.172.181.158","ultima_edicao":"2023-05-08T12:03:54.457200-03:00","tipo":10,"regime_tramitacao":1,"tipo_origem_externa":null,"local_origem_externa":null,"user":40,"anexadas":[],"autores":[45]}