{"id":5835,"__str__":"MO\u00c7\u00c3O n\u00ba 21 de 2023","link_detail_backend":"/materia/5835","metadata":{},"numero":21,"ano":2023,"numero_protocolo":677,"data_apresentacao":"2023-04-27","tipo_apresentacao":"","data_publicacao":null,"numero_origem_externa":"","ano_origem_externa":null,"data_origem_externa":null,"apelido":"","dias_prazo":null,"data_fim_prazo":null,"em_tramitacao":true,"polemica":false,"objeto":"","complementar":false,"ementa":"Mo\u00e7\u00e3o de Apelo ao Prefeito do Munic\u00edpio de Embu-Gua\u00e7u no sentido de estudar e viabilizar a terceiriza\u00e7\u00e3o ou concess\u00e3o da gest\u00e3o, opera\u00e7\u00e3o, manuten\u00e7\u00e3o, explora\u00e7\u00e3o, e revitaliza\u00e7\u00e3o dos cemit\u00e9rios e vel\u00f3rios p\u00fablicos.","indexacao":"","observacao":"","resultado":"","texto_original":"http://sapl.embuguacu.sp.leg.br/media/sapl/public/materialegislativa/2023/5835/mc_0212023.pdf","data_ultima_atualizacao":"2023-04-27T15:19:01.457488-03:00","ip":"45.172.181.116","ultima_edicao":"2023-04-27T15:19:01.305159-03:00","tipo":8,"regime_tramitacao":1,"tipo_origem_externa":null,"local_origem_externa":null,"user":40,"anexadas":[],"autores":[42]}