{"id":5764,"__str__":"INDICA\u00c7\u00c3O n\u00ba 426 de 2023","link_detail_backend":"/materia/5764","metadata":{},"numero":426,"ano":2023,"numero_protocolo":601,"data_apresentacao":"2023-04-19","tipo_apresentacao":"","data_publicacao":null,"numero_origem_externa":"","ano_origem_externa":null,"data_origem_externa":null,"apelido":"","dias_prazo":null,"data_fim_prazo":null,"em_tramitacao":true,"polemica":false,"objeto":"","complementar":false,"ementa":"INDICA ao Prefeito do Munic\u00edpio, que viabilize juntamente ao departamento respons\u00e1vel, a fim de garantir a seguran\u00e7a dos alunos e funcion\u00e1rios da escola, que aumente a altura do muro da EM Ant\u00f4nio Lucas Vieira, localizada na Rua Em\u00edlia de Jesus, n\u00famero 371, no bairro Jardim Progresso.","indexacao":"","observacao":"","resultado":"","texto_original":"http://sapl.embuguacu.sp.leg.br/media/sapl/public/materialegislativa/2023/5764/ind_4262023.pdf","data_ultima_atualizacao":"2023-04-24T09:13:32.685478-03:00","ip":"45.172.181.116","ultima_edicao":"2023-04-24T09:13:32.585719-03:00","tipo":10,"regime_tramitacao":1,"tipo_origem_externa":null,"local_origem_externa":null,"user":40,"anexadas":[],"autores":[42]}