{"id":5722,"__str__":"MO\u00c7\u00c3O n\u00ba 16 de 2023","link_detail_backend":"/materia/5722","metadata":{},"numero":16,"ano":2023,"numero_protocolo":563,"data_apresentacao":"2023-04-13","tipo_apresentacao":"","data_publicacao":null,"numero_origem_externa":"","ano_origem_externa":null,"data_origem_externa":null,"apelido":"","dias_prazo":null,"data_fim_prazo":null,"em_tramitacao":true,"polemica":false,"objeto":"","complementar":false,"ementa":"Mo\u00e7\u00e3o de Apelo ao Prefeito do Munic\u00edpio, Exmo. Sr. Jos\u00e9 Ant\u00f4nio Pereira, que providencie, juntamente com a Secretaria de Sa\u00fade do Munic\u00edpio, a inser\u00e7\u00e3o de profissionais da \u00e1rea de Terapia Ocupacional na estrat\u00e9gia de Sa\u00fade da Fam\u00edlia do SUS, nos termos da Lei Federal n\u00ba 14.231, de 28 de outubro de 2021.","indexacao":"","observacao":"","resultado":"","texto_original":"http://sapl.embuguacu.sp.leg.br/media/sapl/public/materialegislativa/2023/5722/mc_0162023.pdf","data_ultima_atualizacao":"2023-04-17T11:59:11.912733-03:00","ip":"45.172.180.18","ultima_edicao":"2023-04-17T11:59:11.715504-03:00","tipo":8,"regime_tramitacao":1,"tipo_origem_externa":null,"local_origem_externa":null,"user":40,"anexadas":[],"autores":[46]}