{"id":5281,"__str__":"PROJETO DE LEI DO EXECUTIVO n\u00ba 1 de 2023","link_detail_backend":"/materia/5281","metadata":{},"numero":1,"ano":2023,"numero_protocolo":130,"data_apresentacao":"2023-02-08","tipo_apresentacao":"","data_publicacao":null,"numero_origem_externa":"","ano_origem_externa":null,"data_origem_externa":null,"apelido":"","dias_prazo":null,"data_fim_prazo":null,"em_tramitacao":false,"polemica":false,"objeto":"","complementar":false,"ementa":"Altera a Lei Complementar n\u00b0 130, de 14 de setembro de 2015, que Disciplina sobre o Estatuto e Plano de Carreira, Emprego e Remunera\u00e7\u00e3o do Profissionais da Educa\u00e7\u00e3o e a Remunera\u00e7\u00e3o do Quadro do Magist\u00e9rio e d\u00e1 outras provid\u00eancias.","indexacao":"","observacao":"","resultado":"","texto_original":"http://sapl.embuguacu.sp.leg.br/media/sapl/public/materialegislativa/2023/5281/pl_012023_-_exec.pdf","data_ultima_atualizacao":"2023-02-10T16:21:10.778601-03:00","ip":"45.172.180.18","ultima_edicao":"2023-02-10T16:21:10.506775-03:00","tipo":13,"regime_tramitacao":1,"tipo_origem_externa":null,"local_origem_externa":null,"user":40,"anexadas":[5306],"autores":[55]}