{"id":441,"__str__":"INDICA\u00c7\u00c3O n\u00ba 601 de 2017","link_detail_backend":"/materia/441","metadata":{},"numero":601,"ano":2017,"numero_protocolo":null,"data_apresentacao":"2020-11-19","tipo_apresentacao":"","data_publicacao":null,"numero_origem_externa":"","ano_origem_externa":null,"data_origem_externa":null,"apelido":"","dias_prazo":null,"data_fim_prazo":null,"em_tramitacao":true,"polemica":false,"objeto":"","complementar":false,"ementa":"Indica \u00e0 Prefeita do Munic\u00edpio que entre em entendimento com o Secret\u00e1rio Municipal de Cultura, no sentido de ser inclu\u00edda no planejamento de 2018 a realiza\u00e7\u00e3o da FEIRA EVANG\u00c9LICA no m\u00eas de julho, isso ap\u00f3s a FESTA JUNINA.","indexacao":"","observacao":"","resultado":"","texto_original":"http://sapl.embuguacu.sp.leg.br/media/sapl/public/materialegislativa/2020/441/dl92017601.doc","data_ultima_atualizacao":"2020-11-19T11:53:48.543187-03:00","ip":"201.139.223.230","ultima_edicao":"2020-11-19T11:53:48.432479-03:00","tipo":10,"regime_tramitacao":1,"tipo_origem_externa":null,"local_origem_externa":null,"user":2,"anexadas":[],"autores":[1]}