{"id":440,"__str__":"INDICA\u00c7\u00c3O n\u00ba 606 de 2017","link_detail_backend":"/materia/440","metadata":{},"numero":606,"ano":2017,"numero_protocolo":null,"data_apresentacao":"2020-11-19","tipo_apresentacao":"","data_publicacao":null,"numero_origem_externa":"","ano_origem_externa":null,"data_origem_externa":null,"apelido":"","dias_prazo":null,"data_fim_prazo":null,"em_tramitacao":true,"polemica":false,"objeto":"","complementar":false,"ementa":"Indica \u00e0 Prefeita do Munic\u00edpio, que se digne incluir no planejamento de obras e servi\u00e7o com a m\u00e1xima urg\u00eancia, a instala\u00e7\u00e3o de bebedouro e banheiro p\u00fablico na Pra\u00e7a Eunice Domingues da Silva (Pra\u00e7a da Cobra), tendo em vista o aumento da frequ\u00eancia de pessoas, principalmente por ocasi\u00e3o da realiza\u00e7\u00e3o da feira noturna \u00e0s quartas-feiras.","indexacao":"","observacao":"","resultado":"","texto_original":"http://sapl.embuguacu.sp.leg.br/media/sapl/public/materialegislativa/2020/440/dl92017606.doc","data_ultima_atualizacao":"2020-11-19T11:53:34.264718-03:00","ip":"201.139.223.230","ultima_edicao":"2020-11-19T11:53:34.138105-03:00","tipo":10,"regime_tramitacao":1,"tipo_origem_externa":null,"local_origem_externa":null,"user":2,"anexadas":[],"autores":[1]}