{"id":3991,"__str__":"REQUERIMENTO n\u00ba 57 de 2022","link_detail_backend":"/materia/3991","metadata":{},"numero":57,"ano":2022,"numero_protocolo":373,"data_apresentacao":"2022-03-10","tipo_apresentacao":"","data_publicacao":null,"numero_origem_externa":"","ano_origem_externa":null,"data_origem_externa":null,"apelido":"","dias_prazo":null,"data_fim_prazo":null,"em_tramitacao":true,"polemica":false,"objeto":"","complementar":false,"ementa":"VOTO DE LOUVOR E CONGRATULA\u00c7\u00c3O a Raquel Zanin, pela organiza\u00e7\u00e3o de manifesta\u00e7\u00e3o pac\u00edfica em prol de melhorias no transporte p\u00fablico local. Parab\u00e9ns!","indexacao":"","observacao":"","resultado":"","texto_original":"http://sapl.embuguacu.sp.leg.br/media/sapl/public/materialegislativa/2022/3991/req_0572022.pdf","data_ultima_atualizacao":"2022-03-29T14:48:27.519369-03:00","ip":"201.139.222.222","ultima_edicao":"2022-03-29T14:48:27.388038-03:00","tipo":9,"regime_tramitacao":1,"tipo_origem_externa":null,"local_origem_externa":null,"user":21,"anexadas":[],"autores":[41]}