{"id":3717,"__str__":"PROJETO DE LEI n\u00ba 11 de 2022","link_detail_backend":"/materia/3717","metadata":{},"numero":11,"ano":2022,"numero_protocolo":92,"data_apresentacao":"2022-01-27","tipo_apresentacao":"","data_publicacao":null,"numero_origem_externa":"","ano_origem_externa":null,"data_origem_externa":null,"apelido":"","dias_prazo":null,"data_fim_prazo":null,"em_tramitacao":true,"polemica":false,"objeto":"","complementar":false,"ementa":"Institui no calend\u00e1rio oficial do Munic\u00edpio de Embu-Gua\u00e7u o m\u00eas de conscientiza\u00e7\u00e3o \u00e0 Sa\u00fade Mental \u201cJaneiro Branco\u201d.","indexacao":"","observacao":"","resultado":"","texto_original":"http://sapl.embuguacu.sp.leg.br/media/sapl/public/materialegislativa/2022/3717/pl_0112022.pdf","data_ultima_atualizacao":"2022-02-10T15:43:26.780534-03:00","ip":"201.139.222.222","ultima_edicao":"2022-02-10T15:43:26.678721-03:00","tipo":2,"regime_tramitacao":1,"tipo_origem_externa":null,"local_origem_externa":null,"user":21,"anexadas":[],"autores":[46]}