{"id":3682,"__str__":"INDICA\u00c7\u00c3O n\u00ba 25 de 2022","link_detail_backend":"/materia/3682","metadata":{},"numero":25,"ano":2022,"numero_protocolo":55,"data_apresentacao":"2022-01-26","tipo_apresentacao":"","data_publicacao":null,"numero_origem_externa":"","ano_origem_externa":null,"data_origem_externa":null,"apelido":"","dias_prazo":null,"data_fim_prazo":null,"em_tramitacao":true,"polemica":false,"objeto":"","complementar":false,"ementa":"INDICA ao Secret\u00e1rio de Infraestrutura e Servi\u00e7os Urbanos, incluir no cronograma de manuten\u00e7\u00e3o, ro\u00e7agem e limpeza as seguintes Ruas do Bairro do Jardim Em\u00edlia:\r\n\u2022\tRua Dr Rubens de Leite de Matos;\r\n\u2022\tRua Narciso Milanez;\r\n\u2022\tRua Nossa Senhora de F\u00e1tima;\r\n\u2022\tRua Antonio Afonso;\r\n\u2022\tRua Hermenegildo Sim\u00f5es Louro;\r\n\u2022\tRua Benedito R de Moraes;\r\n\u2022\tRua Valdomiro P Rodrigues;\r\n\u2022\tRua Jos\u00e9 Herculano;\r\n\u2022\tRua Alexandre Rodrigues Nogueira;\r\n\u2022\tRua Manoel de Nobrega;\r\n\u2022\tRua Fernando Pires de Moraes;\r\n\u2022\tRua S\u00e3o Jos\u00e9;\r\n\u2022\tRua Santa Terezinha;\r\n\u2022\tRua Dom Pedro II;\r\n\u2022\tRua Jo\u00e3o Heitor Viviane;\r\n\u2022\tRua In\u00e1cio Manoel Domingues.","indexacao":"","observacao":"","resultado":"","texto_original":"http://sapl.embuguacu.sp.leg.br/media/sapl/public/materialegislativa/2022/3682/ind_0252022.pdf","data_ultima_atualizacao":"2022-02-10T14:41:38.528910-03:00","ip":"201.139.222.222","ultima_edicao":"2022-02-10T14:41:38.431138-03:00","tipo":10,"regime_tramitacao":1,"tipo_origem_externa":null,"local_origem_externa":null,"user":21,"anexadas":[],"autores":[39]}