{"id":3242,"__str__":"EMENDA E SUBEMENDA n\u00ba 31 de 2021","link_detail_backend":"/materia/3242","metadata":{},"numero":31,"ano":2021,"numero_protocolo":1834,"data_apresentacao":"2021-11-04","tipo_apresentacao":"","data_publicacao":null,"numero_origem_externa":"","ano_origem_externa":null,"data_origem_externa":null,"apelido":"","dias_prazo":null,"data_fim_prazo":null,"em_tramitacao":true,"polemica":false,"objeto":"","complementar":false,"ementa":"EMENDA MODIFICATIVA que inclui par\u00e1grafo \u00fanico no artigo 11\u00b0 do Projeto de Lei Complementar n\u00ba 003/2021 \u2013 Executivo, que passa a ter a seguinte reda\u00e7\u00e3o:\r\n\r\nArt. 11 \u2013 Fica alterada a tabela de refer\u00eancia espec\u00edfica da fun\u00e7\u00e3o de Procurador Geral do Munic\u00edpio, abreviada pela sigla PGM, constante do art. 65 da Lei complementar n\u00ba 105/2013, para apresentar o seguinte valor:\r\nR$: 9.000,00.\r\n\r\nPar\u00e1grafo \u00fanico: A Fun\u00e7\u00e3o de Procurador Geral do Munic\u00edpio (PGM) dever\u00e1 ser ocupado por Procurador do Munic\u00edpio de carreira, concursado no m\u00ednimo h\u00e1 3 anos.","indexacao":"","observacao":"","resultado":"","texto_original":"http://sapl.embuguacu.sp.leg.br/media/sapl/public/materialegislativa/2021/3242/emenda_0312021.pdf","data_ultima_atualizacao":"2024-11-14T16:05:21.633505-03:00","ip":"201.139.216.52","ultima_edicao":"2024-11-14T16:05:21.509066-03:00","tipo":6,"regime_tramitacao":1,"tipo_origem_externa":null,"local_origem_externa":null,"user":41,"anexadas":[],"autores":[39]}