{"id":2987,"__str__":"EMENDA E SUBEMENDA n\u00ba 20 de 2021","link_detail_backend":"/materia/2987","metadata":{},"numero":20,"ano":2021,"numero_protocolo":1567,"data_apresentacao":"2021-10-07","tipo_apresentacao":"","data_publicacao":null,"numero_origem_externa":"","ano_origem_externa":null,"data_origem_externa":null,"apelido":"","dias_prazo":null,"data_fim_prazo":null,"em_tramitacao":true,"polemica":false,"objeto":"","complementar":false,"ementa":"EMENDA MODIFICATIVA ao art. 1\u00b0, do Projeto de Lei do executivo n\u00ba 025/2021, que passa a ter a seguinte reda\u00e7\u00e3o:\r\n\r\n\u201c Par\u00e1grafo \u00fanico. As contrata\u00e7\u00f5es ter\u00e3o prazo de 12 (doze) meses, prorrog\u00e1vel por igual per\u00edodo, at\u00e9 03 (tr\u00eas) vezes, a crit\u00e9rio da coordena\u00e7\u00e3o do programa e mediante pr\u00e9via anu\u00eancia do \u00f3rg\u00e3o em que estiverem sendo realizadas as atividades pr\u00e1ticas, desde que mantidas as condi\u00e7\u00f5es que ensejaram a inclus\u00e3o do benefici\u00e1rio no programa e cumpridas as cl\u00e1usulas estabelecidas em termo de compromisso e responsabilidade\".","indexacao":"","observacao":"","resultado":"","texto_original":"http://sapl.embuguacu.sp.leg.br/media/sapl/public/materialegislativa/2021/2987/5_-_emenda_0202021.pdf","data_ultima_atualizacao":"2021-10-23T18:18:04.835336-03:00","ip":"201.139.216.16","ultima_edicao":"2021-10-23T18:18:04.722566-03:00","tipo":6,"regime_tramitacao":1,"tipo_origem_externa":null,"local_origem_externa":null,"user":3,"anexadas":[],"autores":[39]}