{"id":10838,"__str__":"MO\u00c7\u00c3O n\u00ba 20 de 2026","link_detail_backend":"/materia/10838","metadata":{},"numero":20,"ano":2026,"numero_protocolo":467,"data_apresentacao":"2026-04-07","tipo_apresentacao":"","data_publicacao":null,"numero_origem_externa":"","ano_origem_externa":null,"data_origem_externa":null,"apelido":"","dias_prazo":null,"data_fim_prazo":null,"em_tramitacao":true,"polemica":false,"objeto":"","complementar":false,"ementa":"Mo\u00e7\u00e3o de Apelo ao Chefe do Poder Executivo, bem como \u00e0 Secretaria Municipal de Cultura e Turismo, para a cria\u00e7\u00e3o da identidade institucional \u201cEmbu-Gua\u00e7u, Cidade da Bike\u201d, com implanta\u00e7\u00e3o de estrutura tur\u00edstica central, sinaliza\u00e7\u00e3o de rotas cicl\u00edsticas e divulga\u00e7\u00e3o oficial do Munic\u00edpio como destino de cicloturismo.","indexacao":"","observacao":"","resultado":"","texto_original":"http://sapl.embuguacu.sp.leg.br/media/sapl/public/materialegislativa/2026/10838/mc_0202026_assinado.pdf","data_ultima_atualizacao":"2026-04-10T14:24:08.233611-03:00","ip":"201.139.216.52","ultima_edicao":"2026-04-10T14:24:08.040117-03:00","tipo":8,"regime_tramitacao":1,"tipo_origem_externa":null,"local_origem_externa":null,"user":41,"anexadas":[],"autores":[41]}