{"id":10645,"__str__":"PROJETO DE LEI COMPLEMENTAR DO EXECUTIVO n\u00ba 7 de 2026","link_detail_backend":"/materia/10645","metadata":{"signs":{"texto_original":{"admin":[],"autores":[["Francisco Jose do Nascimento",["2026-03-10T09:27:46-03:00","ICP-Brasil"]]]}}},"numero":7,"ano":2026,"numero_protocolo":null,"data_apresentacao":"2026-03-10","tipo_apresentacao":"","data_publicacao":null,"numero_origem_externa":"","ano_origem_externa":null,"data_origem_externa":null,"apelido":"","dias_prazo":null,"data_fim_prazo":null,"em_tramitacao":false,"polemica":false,"objeto":"","complementar":false,"ementa":"Disp\u00f5e sobre a reestrutura\u00e7\u00e3o remunerat\u00f3ria dos cargos da Guarda Civil Municipal de Embu-Gua\u00e7u, a revoga\u00e7\u00e3o da Lei Municipal n\u00ba 3.050, de 2021, e a altera\u00e7\u00e3o de dispositivos da Lei Complementar n\u00ba 152, de 2018, e d\u00e1 outras provid\u00eancias.","indexacao":"","observacao":"","resultado":"","texto_original":"http://sapl.embuguacu.sp.leg.br/media/sapl/public/materialegislativa/2026/10645/plc_007-2026_-_guarda_municipal_novo.pdf","data_ultima_atualizacao":"2026-03-11T16:22:17.850694-03:00","ip":"201.139.222.238","ultima_edicao":"2026-03-11T16:22:17.444526-03:00","tipo":15,"regime_tramitacao":1,"tipo_origem_externa":null,"local_origem_externa":null,"user":41,"anexadas":[],"autores":[55]}